{"provider_url": "https://www.saojoaonepomuceno.mg.leg.br", "title": "Reuni\u00e3o Ordin\u00e1ria", "html": "<p align=\"center\"><span>PAUTA DA REUNI\u00c3O ORDIN\u00c1RIA</span></p>\r\n<p align=\"center\"><span>07 DE JUNHO DE 2022</span></p>\r\n<p>\u00a0</p>\r\n<p>- Projeto de Resolu\u00e7\u00e3o n\u00ba. 03, de 03 de maio de 2022, que \u201cAprova as Contas Municipais \u2013 Exerc\u00edcio de 2018\u201d.<span>\u00a0</span></p>\r\n<p>- Projeto de Resolu\u00e7\u00e3o n\u00ba. 04, de 24 de maio de 2022, que \u201cAltera a Resolu\u00e7\u00e3o n\u00ba. 05/2003, que \u2018Disp\u00f5e sobre as Reuni\u00f5es Itinerantes da C\u00e2mara Municipal de S\u00e3o Jo\u00e3o Nepomuceno\u201d.<span>\u00a0</span></p>\r\n<p>- Projeto de Resolu\u00e7\u00e3o n\u00ba. 05, de 24 de maio de 2022, que \u201cDisp\u00f5e sobre autoriza\u00e7\u00e3o para participa\u00e7\u00e3o no Parlamento Jovem da Assembleia Legislativa de Minas Gerais e d\u00e1 outras provid\u00eancias\u201d.</p>\r\n<p>\u00a0<span>\u00a0</span></p>\r\n<p align=\"center\"><i>Francisco Augusto Baptista de Oliveira Carillo</i></p>\r\n<p align=\"center\">PRESIDENTE</p>", "author_name": "", "version": "1.0", "author_url": "https://www.saojoaonepomuceno.mg.leg.br/author/adm", "provider_name": "C\u00e2mara Municipal", "type": "rich"}